{"id":2414,"date":"2023-06-27T11:18:50","date_gmt":"2023-06-27T09:18:50","guid":{"rendered":"https:\/\/www.arts-yoga.com\/?p=2414"},"modified":"2023-06-27T11:18:53","modified_gmt":"2023-06-27T09:18:53","slug":"les-mantras","status":"publish","type":"post","link":"https:\/\/www.arts-yoga.com\/index.php\/2023\/06\/27\/les-mantras\/","title":{"rendered":"Les mantras"},"content":{"rendered":"\n<h2 class=\"wp-block-heading\">L&rsquo;aspect \u00e9nerg\u00e9tique du son<\/h2>\n\n\n\n<p class=\"has-small-font-size\">Le son mantrique est une technique de concentration tr\u00e8s ancienne et tr\u00e8s utilis\u00e9e. Les yogis accordent une grande importance aux mantras car ils expriment la parole sacr\u00e9e.  Je cite ici un extrait de la th\u00e8se de <a href=\"https:\/\/centrepleinciel.fr\/itineraire.html\">Eveline Grieder<\/a> :\u00a0\u00bbPar leur puret\u00e9 et leur sacralit\u00e9, les r\u00e9citations de mantras, mobilisent, \u00e0 l&rsquo;int\u00e9rieur du corps et de l&rsquo;esprit du pratiquant, la qualit\u00e9 d&rsquo;existence harmonieuse de la manifestation ( guna sattva) par opposition \u00e0 son aspect opaque, inerte ( guna tamas), et son aspect excit\u00e9, actif ( guna rajas). En r\u00e9citant les mantras, et donc en expirant, on accomplit le trajet de la manifestation de la parole sacr\u00e9e, de son aspect le plus subtil, <em>para<\/em>, (supr\u00eame),repr\u00e9sent\u00e9e au bas de la colonne vert\u00e9brale, \u00e0 son aspect le plus mat\u00e9riel <em>va\u00efkh\u00e2ri <\/em>( \u00e9tendu), repr\u00e9sent\u00e9e par la bouche. Ainsi on s&rsquo;inscrit soi-m\u00eame dans le grand cycle cosmique et l&rsquo;on se per\u00e7oit comme porteur de la parole du monde et, en m\u00eame temps, un parmi les existants, tous porteurs de cette m\u00eame parole. \u00a0\u00bb  <\/p>\n\n\n\n<blockquote class=\"wp-block-quote is-layout-flow wp-block-quote-is-layout-flow\">\n<p>Le mantra est une \u00ab\u00a0forme psychique\u00a0\u00bb concentr\u00e9e, compos\u00e9e de syllabes nucl\u00e9aires bas\u00e9es sur les propri\u00e9t\u00e9s \u00e9sot\u00e9riques attribu\u00e9es aux vibrations sonores. (&#8230;) la puissance d&rsquo;un mantra particulier r\u00e9side dans l&rsquo;interaction du mod\u00e8le vibratoire sonore et de son intonation correcte. (&#8230;) Le son mantrique, ou la combinaison de tels sons, est capable d&rsquo;actualiser la forme divine de leurs \u00e9nergies.Chaque divinit\u00e9 poss\u00e8de un <a href=\"https:\/\/www.arts-yoga.com\/index.php\/2017\/10\/19\/le-hatha-yoga\/\">b\u00eeja<\/a> mantra, une graine mantrique, qui est son \u00e9quivalent. ainsi le b\u00eeja mantra, racine vibratoire, forme atomique du son, repr\u00e9sente-t-il la nature essentielle de la divinit\u00e9.<\/p>\n<cite>Ajit Mookkerjee. Madhu Khanna<\/cite><\/blockquote>\n\n\n\n<h2 class=\"wp-block-heading\">Le mantra des mantras : OM<\/h2>\n\n\n\n<p class=\"has-small-font-size\">\u00ab\u00a0OM, le plus puissant de tous les sons, est la source de tous les mantras et une clef pour la r\u00e9alisation. il est compos\u00e9 de 3 sons: a, u, m, qui repr\u00e9sentent symboliquement les 3 tendances ou gunas &#8211; cr\u00e9ation, pr\u00e9servation, dissolution &#8211; et embrassent toute la connaissance des diff\u00e9rents plans de l&rsquo;univers. C&rsquo;est la quintessence du cosmos entier, le monarque de tous les objets sonores, la m\u00e8re des vibrations, et la clef de la puissance et de la sagesse \u00e9ternelles \u00a0\u00bb (Ajit Mookkerjee. Madhu Khanna)<\/p>\n\n\n\n<blockquote class=\"wp-block-quote has-small-font-size is-layout-flow wp-block-quote-is-layout-flow\">\n<p>\u00ab\u00a0OM est la source de tous les mantras et de toute \u00e9nergie. <\/p>\n\n\n\n<p>Il est d\u2019abord&nbsp;<em>mah\u00e2 bindu<\/em>, le grand point, qui est relation d\u2019attraction, quasiment amoureuse entre les deux principes originels, oppos\u00e9s et compl\u00e9mentaires,&nbsp;<em><a href=\"https:\/\/www.arts-yoga.com\/index.php\/2017\/10\/19\/le-hatha-yoga\/\">purusha\/prakriti,<\/a>&nbsp;<\/em>qui constituent les deux p\u00f4les cosmiques de la conscience\/\u00e9nergie cr\u00e9atrice. L\u00e0, il est&nbsp;<em>avyakta<\/em>, le non-manifest\u00e9.<\/p>\n\n\n\n<p>Puis vient le premier son, la vibration initiale, l\u2019essence de son,&nbsp;<em>shabda<\/em>, qui a mis en route la manifestation, et&nbsp;<em>OM&nbsp;<\/em>repr\u00e9sente cette essence.<\/p>\n\n\n\n<p>De l\u00e0 se d\u00e9roule la manifestation, musique ou parole du monde, \u00e0 l\u2019\u00e9nergie triple,&nbsp;<em>triguna&nbsp;<\/em>;&nbsp;<em>OM&nbsp;<\/em>est cette trinit\u00e9, repr\u00e9sent\u00e9e par le trident du dieu&nbsp;<em>Shiva&nbsp;<\/em>mais aussi par son id\u00e9ogramme, qui est la sophistication symbolique du chiffre trois.<\/p>\n<\/blockquote>\n\n\n<div class=\"wp-block-image\">\n<figure class=\"aligncenter size-full is-resized\"><img loading=\"lazy\" decoding=\"async\" src=\"https:\/\/www.arts-yoga.com\/wp-content\/uploads\/2017\/10\/cropped-cropped-cropped-cropped-om-41993_1280-2-1.png\" alt=\"\" class=\"wp-image-2380\" width=\"128\" height=\"128\" srcset=\"https:\/\/www.arts-yoga.com\/wp-content\/uploads\/2017\/10\/cropped-cropped-cropped-cropped-om-41993_1280-2-1.png 512w, https:\/\/www.arts-yoga.com\/wp-content\/uploads\/2017\/10\/cropped-cropped-cropped-cropped-om-41993_1280-2-1-300x300.png 300w, https:\/\/www.arts-yoga.com\/wp-content\/uploads\/2017\/10\/cropped-cropped-cropped-cropped-om-41993_1280-2-1-150x150.png 150w, https:\/\/www.arts-yoga.com\/wp-content\/uploads\/2017\/10\/cropped-cropped-cropped-cropped-om-41993_1280-2-1-75x75.png 75w, https:\/\/www.arts-yoga.com\/wp-content\/uploads\/2017\/10\/cropped-cropped-cropped-cropped-om-41993_1280-2-1-270x270.png 270w, https:\/\/www.arts-yoga.com\/wp-content\/uploads\/2017\/10\/cropped-cropped-cropped-cropped-om-41993_1280-2-1-192x192.png 192w, https:\/\/www.arts-yoga.com\/wp-content\/uploads\/2017\/10\/cropped-cropped-cropped-cropped-om-41993_1280-2-1-180x180.png 180w, https:\/\/www.arts-yoga.com\/wp-content\/uploads\/2017\/10\/cropped-cropped-cropped-cropped-om-41993_1280-2-1-32x32.png 32w\" sizes=\"auto, (max-width: 128px) 100vw, 128px\" \/><figcaption class=\"wp-element-caption\">Le son OM<\/figcaption><\/figure>\n<\/div>\n\n\n<blockquote class=\"wp-block-quote has-small-font-size is-layout-flow wp-block-quote-is-layout-flow\">\n<p><em>OM&nbsp;<\/em>est issu de l\u2019espace,&nbsp;<em>\u00e2k\u00e2sha<\/em>, qui est aussi le ciel, le vide, le milieu initial du cosmos et, \u00e9tant associ\u00e9 \u00e0 cet \u00e9l\u00e9ment le plus subtil, il entra\u00eene l\u2019esprit de l\u2019homme vers cette sph\u00e8re originelle. C\u2019est pourquoi le silence qui suit sa r\u00e9citation est un silence qui symbolise l\u2019origine muette du monde, avant l\u2019acte vibratoire cr\u00e9ateur, avant m\u00eame la diff\u00e9renciation des deux principes. Cette syllabe sublime, symbole de tous les mots et les contenant tous, et symbole du silence derri\u00e8re les mots, est&nbsp;<em>akshara&nbsp;<\/em>(imp\u00e9rissable<em>)<\/em>, c\u2019est-\u00e0-dire&nbsp;<em>brahman,&nbsp;<\/em>l\u2019absolu. Car au niveau cosmique, derri\u00e8re&nbsp;<em>kshara,&nbsp;<\/em>l\u2019aspect p\u00e9rissable de l\u2019\u00e9nergie vivante, repr\u00e9sent\u00e9e par&nbsp;<em>prakriti<\/em>, l\u2019ensemble de la manifestation (appel\u00e9e aussi&nbsp;<em>pr\u00e2na<\/em>, l\u2019\u00e9nergie, ou&nbsp;<em>shakti,&nbsp;<\/em>la puissance), existe aussi cet imp\u00e9rissable socle des choses, immobile et silencieux. Et, au niveau du langage, derri\u00e8re l\u2019aspect p\u00e9rissable des mots, des discours, des phrases, subsiste toujours la semence, la lettre, imp\u00e9rissable.<\/p>\n\n\n\n<p>C\u2019est la raison pour laquelle&nbsp;<em>OM&nbsp;<\/em>est la pratique mentale par excellence,&nbsp;<em>sv\u00e2dhy\u00e2ya<\/em>, car en lui se trouve ce vers quoi la r\u00e9flexion doit s\u2019orienter pour comprendre la r\u00e9alit\u00e9 des choses et sa propre r\u00e9alit\u00e9 : l\u2019infini derri\u00e8re le fini, l\u2019unit\u00e9 derri\u00e8re la diversit\u00e9, le non-manifest\u00e9 derri\u00e8re le manifest\u00e9, et l\u2019absolu derri\u00e8re le relatif.\u00a0\u00bb <\/p>\n<cite>Source : th\u00e8se de Eveline Grieder<\/cite><\/blockquote>\n","protected":false},"excerpt":{"rendered":"<p>L&rsquo;aspect \u00e9nerg\u00e9tique du son Le son mantrique est une technique de concentration tr\u00e8s ancienne et tr\u00e8s utilis\u00e9e. Les yogis accordent une grande importance aux mantras car ils expriment la parole sacr\u00e9e. Je cite ici un extrait de la th\u00e8se de Eveline Grieder :\u00a0\u00bbPar leur puret\u00e9 et leur sacralit\u00e9, les r\u00e9citations de mantras, mobilisent, \u00e0 l&rsquo;int\u00e9rieur du corps et de l&rsquo;esprit du pratiquant, la qualit\u00e9 d&rsquo;existence harmonieuse de la manifestation ( guna sattva) par opposition \u00e0 son aspect opaque, inerte ( guna tamas), et son aspect excit\u00e9, actif ( guna rajas). En r\u00e9citant les mantras, et donc en expirant, on accomplit le trajet de la manifestation de la parole sacr\u00e9e, de son aspect le plus subtil, para, (supr\u00eame),repr\u00e9sent\u00e9e au bas de la colonne vert\u00e9brale, \u00e0 son aspect le plus mat\u00e9riel va\u00efkh\u00e2ri ( \u00e9tendu), repr\u00e9sent\u00e9e par la bouche. Ainsi on s&rsquo;inscrit soi-m\u00eame dans le grand cycle cosmique et l&rsquo;on se per\u00e7oit comme porteur de la parole du monde et, en m\u00eame temps, un parmi les existants, tous porteurs de cette m\u00eame parole. \u00a0\u00bb Le mantra est une \u00ab\u00a0forme psychique\u00a0\u00bb concentr\u00e9e, compos\u00e9e de syllabes nucl\u00e9aires bas\u00e9es sur les propri\u00e9t\u00e9s \u00e9sot\u00e9riques attribu\u00e9es aux vibrations sonores. (&#8230;) la puissance d&rsquo;un mantra particulier r\u00e9side dans l&rsquo;interaction du mod\u00e8le vibratoire sonore et de son intonation correcte. (&#8230;) Le son mantrique, ou la combinaison de tels sons, est capable d&rsquo;actualiser la forme divine de leurs \u00e9nergies.Chaque divinit\u00e9 poss\u00e8de un b\u00eeja mantra, une graine mantrique, qui est son \u00e9quivalent. ainsi le b\u00eeja mantra, racine vibratoire, forme atomique du son, repr\u00e9sente-t-il la nature essentielle de la divinit\u00e9. Ajit Mookkerjee. Madhu Khanna Le mantra des mantras : OM \u00ab\u00a0OM, le plus puissant de tous les sons, est la source de tous les mantras et une clef pour la r\u00e9alisation. il est compos\u00e9 de 3 sons: a, u, m, qui repr\u00e9sentent symboliquement les 3 tendances ou gunas &#8211; cr\u00e9ation, pr\u00e9servation, dissolution &#8211; et embrassent toute la connaissance des diff\u00e9rents plans de l&rsquo;univers. C&rsquo;est la quintessence du cosmos entier, le monarque de tous les objets sonores, la m\u00e8re des vibrations, et la clef de la puissance et de la sagesse \u00e9ternelles \u00a0\u00bb (Ajit Mookkerjee. Madhu Khanna) \u00ab\u00a0OM est la source de tous les mantras et de toute \u00e9nergie. Il est d\u2019abord&nbsp;mah\u00e2 bindu, le grand point, qui est relation d\u2019attraction, quasiment amoureuse entre les deux principes originels, oppos\u00e9s et compl\u00e9mentaires,&nbsp;purusha\/prakriti,&nbsp;qui constituent les deux p\u00f4les cosmiques de la conscience\/\u00e9nergie cr\u00e9atrice. L\u00e0, il est&nbsp;avyakta, le non-manifest\u00e9. Puis vient le premier son, la vibration initiale, l\u2019essence de son,&nbsp;shabda, qui a mis en route la manifestation, et&nbsp;OM&nbsp;repr\u00e9sente cette essence. De l\u00e0 se d\u00e9roule la manifestation, musique ou parole du monde, \u00e0 l\u2019\u00e9nergie triple,&nbsp;triguna&nbsp;;&nbsp;OM&nbsp;est cette trinit\u00e9, repr\u00e9sent\u00e9e par le trident du dieu&nbsp;Shiva&nbsp;mais aussi par son id\u00e9ogramme, qui est la sophistication symbolique du chiffre trois. OM&nbsp;est issu de l\u2019espace,&nbsp;\u00e2k\u00e2sha, qui est aussi le ciel, le vide, le milieu initial du cosmos et, \u00e9tant associ\u00e9 \u00e0 cet \u00e9l\u00e9ment le plus subtil, il entra\u00eene l\u2019esprit de l\u2019homme vers cette sph\u00e8re originelle. C\u2019est pourquoi le silence qui suit sa r\u00e9citation est un silence qui symbolise l\u2019origine muette du monde, avant l\u2019acte vibratoire cr\u00e9ateur, avant m\u00eame la diff\u00e9renciation des deux principes. Cette syllabe sublime, symbole de tous les mots et les contenant tous, et symbole du silence derri\u00e8re les mots, est&nbsp;akshara&nbsp;(imp\u00e9rissable), c\u2019est-\u00e0-dire&nbsp;brahman,&nbsp;l\u2019absolu. Car au niveau cosmique, derri\u00e8re&nbsp;kshara,&nbsp;l\u2019aspect p\u00e9rissable de l\u2019\u00e9nergie vivante, repr\u00e9sent\u00e9e par&nbsp;prakriti, l\u2019ensemble de la manifestation (appel\u00e9e aussi&nbsp;pr\u00e2na, l\u2019\u00e9nergie, ou&nbsp;shakti,&nbsp;la puissance), existe aussi cet imp\u00e9rissable socle des choses, immobile et silencieux. Et, au niveau du langage, derri\u00e8re l\u2019aspect p\u00e9rissable des mots, des discours, des phrases, subsiste toujours la semence, la lettre, imp\u00e9rissable. C\u2019est la raison pour laquelle&nbsp;OM&nbsp;est la pratique mentale par excellence,&nbsp;sv\u00e2dhy\u00e2ya, car en lui se trouve ce vers quoi la r\u00e9flexion doit s\u2019orienter pour comprendre la r\u00e9alit\u00e9 des choses et sa propre r\u00e9alit\u00e9 : l\u2019infini derri\u00e8re le fini, l\u2019unit\u00e9 derri\u00e8re la diversit\u00e9, le non-manifest\u00e9 derri\u00e8re le manifest\u00e9, et l\u2019absolu derri\u00e8re le relatif.\u00a0\u00bb Source : th\u00e8se de Eveline Grieder<\/p>\n","protected":false},"author":1,"featured_media":0,"comment_status":"open","ping_status":"closed","sticky":false,"template":"","format":"standard","meta":{"footnotes":""},"categories":[4],"tags":[],"class_list":["post-2414","post","type-post","status-publish","format-standard","hentry","category-concepts-et-definitions"],"yoast_head":"<!-- This site is optimized with the Yoast SEO plugin v27.5 - https:\/\/yoast.com\/product\/yoast-seo-wordpress\/ -->\n<title>Les mantras - Arts-Yoga<\/title>\n<meta name=\"robots\" content=\"index, follow, max-snippet:-1, max-image-preview:large, max-video-preview:-1\" \/>\n<link rel=\"canonical\" href=\"https:\/\/www.arts-yoga.com\/index.php\/2023\/06\/27\/les-mantras\/\" \/>\n<meta property=\"og:locale\" content=\"fr_FR\" \/>\n<meta property=\"og:type\" content=\"article\" \/>\n<meta property=\"og:title\" content=\"Les mantras - Arts-Yoga\" \/>\n<meta property=\"og:description\" content=\"L&rsquo;aspect \u00e9nerg\u00e9tique du son Le son mantrique est une technique de concentration tr\u00e8s ancienne et tr\u00e8s utilis\u00e9e. Les yogis accordent une grande importance aux mantras car ils expriment la parole sacr\u00e9e. Je cite ici un extrait de la th\u00e8se de Eveline Grieder :\u00a0\u00bbPar leur puret\u00e9 et leur sacralit\u00e9, les r\u00e9citations de mantras, mobilisent, \u00e0 l&rsquo;int\u00e9rieur du corps et de l&rsquo;esprit du pratiquant, la qualit\u00e9 d&rsquo;existence harmonieuse de la manifestation ( guna sattva) par opposition \u00e0 son aspect opaque, inerte ( guna tamas), et son aspect excit\u00e9, actif ( guna rajas). En r\u00e9citant les mantras, et donc en expirant, on accomplit le trajet de la manifestation de la parole sacr\u00e9e, de son aspect le plus subtil, para, (supr\u00eame),repr\u00e9sent\u00e9e au bas de la colonne vert\u00e9brale, \u00e0 son aspect le plus mat\u00e9riel va\u00efkh\u00e2ri ( \u00e9tendu), repr\u00e9sent\u00e9e par la bouche. Ainsi on s&rsquo;inscrit soi-m\u00eame dans le grand cycle cosmique et l&rsquo;on se per\u00e7oit comme porteur de la parole du monde et, en m\u00eame temps, un parmi les existants, tous porteurs de cette m\u00eame parole. \u00a0\u00bb Le mantra est une \u00ab\u00a0forme psychique\u00a0\u00bb concentr\u00e9e, compos\u00e9e de syllabes nucl\u00e9aires bas\u00e9es sur les propri\u00e9t\u00e9s \u00e9sot\u00e9riques attribu\u00e9es aux vibrations sonores. (&#8230;) la puissance d&rsquo;un mantra particulier r\u00e9side dans l&rsquo;interaction du mod\u00e8le vibratoire sonore et de son intonation correcte. (&#8230;) Le son mantrique, ou la combinaison de tels sons, est capable d&rsquo;actualiser la forme divine de leurs \u00e9nergies.Chaque divinit\u00e9 poss\u00e8de un b\u00eeja mantra, une graine mantrique, qui est son \u00e9quivalent. ainsi le b\u00eeja mantra, racine vibratoire, forme atomique du son, repr\u00e9sente-t-il la nature essentielle de la divinit\u00e9. Ajit Mookkerjee. Madhu Khanna Le mantra des mantras : OM \u00ab\u00a0OM, le plus puissant de tous les sons, est la source de tous les mantras et une clef pour la r\u00e9alisation. il est compos\u00e9 de 3 sons: a, u, m, qui repr\u00e9sentent symboliquement les 3 tendances ou gunas &#8211; cr\u00e9ation, pr\u00e9servation, dissolution &#8211; et embrassent toute la connaissance des diff\u00e9rents plans de l&rsquo;univers. C&rsquo;est la quintessence du cosmos entier, le monarque de tous les objets sonores, la m\u00e8re des vibrations, et la clef de la puissance et de la sagesse \u00e9ternelles \u00a0\u00bb (Ajit Mookkerjee. Madhu Khanna) \u00ab\u00a0OM est la source de tous les mantras et de toute \u00e9nergie. Il est d\u2019abord&nbsp;mah\u00e2 bindu, le grand point, qui est relation d\u2019attraction, quasiment amoureuse entre les deux principes originels, oppos\u00e9s et compl\u00e9mentaires,&nbsp;purusha\/prakriti,&nbsp;qui constituent les deux p\u00f4les cosmiques de la conscience\/\u00e9nergie cr\u00e9atrice. L\u00e0, il est&nbsp;avyakta, le non-manifest\u00e9. Puis vient le premier son, la vibration initiale, l\u2019essence de son,&nbsp;shabda, qui a mis en route la manifestation, et&nbsp;OM&nbsp;repr\u00e9sente cette essence. De l\u00e0 se d\u00e9roule la manifestation, musique ou parole du monde, \u00e0 l\u2019\u00e9nergie triple,&nbsp;triguna&nbsp;;&nbsp;OM&nbsp;est cette trinit\u00e9, repr\u00e9sent\u00e9e par le trident du dieu&nbsp;Shiva&nbsp;mais aussi par son id\u00e9ogramme, qui est la sophistication symbolique du chiffre trois. OM&nbsp;est issu de l\u2019espace,&nbsp;\u00e2k\u00e2sha, qui est aussi le ciel, le vide, le milieu initial du cosmos et, \u00e9tant associ\u00e9 \u00e0 cet \u00e9l\u00e9ment le plus subtil, il entra\u00eene l\u2019esprit de l\u2019homme vers cette sph\u00e8re originelle. C\u2019est pourquoi le silence qui suit sa r\u00e9citation est un silence qui symbolise l\u2019origine muette du monde, avant l\u2019acte vibratoire cr\u00e9ateur, avant m\u00eame la diff\u00e9renciation des deux principes. Cette syllabe sublime, symbole de tous les mots et les contenant tous, et symbole du silence derri\u00e8re les mots, est&nbsp;akshara&nbsp;(imp\u00e9rissable), c\u2019est-\u00e0-dire&nbsp;brahman,&nbsp;l\u2019absolu. Car au niveau cosmique, derri\u00e8re&nbsp;kshara,&nbsp;l\u2019aspect p\u00e9rissable de l\u2019\u00e9nergie vivante, repr\u00e9sent\u00e9e par&nbsp;prakriti, l\u2019ensemble de la manifestation (appel\u00e9e aussi&nbsp;pr\u00e2na, l\u2019\u00e9nergie, ou&nbsp;shakti,&nbsp;la puissance), existe aussi cet imp\u00e9rissable socle des choses, immobile et silencieux. Et, au niveau du langage, derri\u00e8re l\u2019aspect p\u00e9rissable des mots, des discours, des phrases, subsiste toujours la semence, la lettre, imp\u00e9rissable. C\u2019est la raison pour laquelle&nbsp;OM&nbsp;est la pratique mentale par excellence,&nbsp;sv\u00e2dhy\u00e2ya, car en lui se trouve ce vers quoi la r\u00e9flexion doit s\u2019orienter pour comprendre la r\u00e9alit\u00e9 des choses et sa propre r\u00e9alit\u00e9 : l\u2019infini derri\u00e8re le fini, l\u2019unit\u00e9 derri\u00e8re la diversit\u00e9, le non-manifest\u00e9 derri\u00e8re le manifest\u00e9, et l\u2019absolu derri\u00e8re le relatif.\u00a0\u00bb Source : th\u00e8se de Eveline Grieder\" \/>\n<meta property=\"og:url\" content=\"https:\/\/www.arts-yoga.com\/index.php\/2023\/06\/27\/les-mantras\/\" \/>\n<meta property=\"og:site_name\" content=\"Arts-Yoga\" \/>\n<meta property=\"article:publisher\" content=\"https:\/\/www.facebook.com\/stageartsyoga\/\" \/>\n<meta property=\"article:author\" content=\"https:\/\/www.facebook.com\/stageartsyoga\/\" \/>\n<meta property=\"article:published_time\" content=\"2023-06-27T09:18:50+00:00\" \/>\n<meta property=\"article:modified_time\" content=\"2023-06-27T09:18:53+00:00\" \/>\n<meta property=\"og:image\" content=\"https:\/\/www.arts-yoga.com\/wp-content\/uploads\/2017\/10\/cropped-cropped-cropped-cropped-om-41993_1280-2-1.png\" \/>\n<meta name=\"author\" content=\"Viviane\" \/>\n<meta name=\"twitter:card\" content=\"summary_large_image\" \/>\n<meta name=\"twitter:label1\" content=\"\u00c9crit par\" \/>\n\t<meta name=\"twitter:data1\" content=\"Viviane\" \/>\n\t<meta name=\"twitter:label2\" content=\"Dur\u00e9e de lecture estim\u00e9e\" \/>\n\t<meta name=\"twitter:data2\" content=\"4 minutes\" \/>\n<script type=\"application\/ld+json\" class=\"yoast-schema-graph\">{\"@context\":\"https:\\\/\\\/schema.org\",\"@graph\":[{\"@type\":\"Article\",\"@id\":\"https:\\\/\\\/www.arts-yoga.com\\\/index.php\\\/2023\\\/06\\\/27\\\/les-mantras\\\/#article\",\"isPartOf\":{\"@id\":\"https:\\\/\\\/www.arts-yoga.com\\\/index.php\\\/2023\\\/06\\\/27\\\/les-mantras\\\/\"},\"author\":{\"name\":\"Viviane\",\"@id\":\"https:\\\/\\\/www.arts-yoga.com\\\/#\\\/schema\\\/person\\\/ec713c2a493cb35553456e437ca85c3d\"},\"headline\":\"Les mantras\",\"datePublished\":\"2023-06-27T09:18:50+00:00\",\"dateModified\":\"2023-06-27T09:18:53+00:00\",\"mainEntityOfPage\":{\"@id\":\"https:\\\/\\\/www.arts-yoga.com\\\/index.php\\\/2023\\\/06\\\/27\\\/les-mantras\\\/\"},\"wordCount\":808,\"commentCount\":0,\"publisher\":{\"@id\":\"https:\\\/\\\/www.arts-yoga.com\\\/#organization\"},\"image\":{\"@id\":\"https:\\\/\\\/www.arts-yoga.com\\\/index.php\\\/2023\\\/06\\\/27\\\/les-mantras\\\/#primaryimage\"},\"thumbnailUrl\":\"https:\\\/\\\/www.arts-yoga.com\\\/wp-content\\\/uploads\\\/2017\\\/10\\\/cropped-cropped-cropped-cropped-om-41993_1280-2-1.png\",\"articleSection\":[\"concepts et d\u00e9finitions\"],\"inLanguage\":\"fr-FR\",\"potentialAction\":[{\"@type\":\"CommentAction\",\"name\":\"Comment\",\"target\":[\"https:\\\/\\\/www.arts-yoga.com\\\/index.php\\\/2023\\\/06\\\/27\\\/les-mantras\\\/#respond\"]}]},{\"@type\":\"WebPage\",\"@id\":\"https:\\\/\\\/www.arts-yoga.com\\\/index.php\\\/2023\\\/06\\\/27\\\/les-mantras\\\/\",\"url\":\"https:\\\/\\\/www.arts-yoga.com\\\/index.php\\\/2023\\\/06\\\/27\\\/les-mantras\\\/\",\"name\":\"Les mantras - Arts-Yoga\",\"isPartOf\":{\"@id\":\"https:\\\/\\\/www.arts-yoga.com\\\/#website\"},\"primaryImageOfPage\":{\"@id\":\"https:\\\/\\\/www.arts-yoga.com\\\/index.php\\\/2023\\\/06\\\/27\\\/les-mantras\\\/#primaryimage\"},\"image\":{\"@id\":\"https:\\\/\\\/www.arts-yoga.com\\\/index.php\\\/2023\\\/06\\\/27\\\/les-mantras\\\/#primaryimage\"},\"thumbnailUrl\":\"https:\\\/\\\/www.arts-yoga.com\\\/wp-content\\\/uploads\\\/2017\\\/10\\\/cropped-cropped-cropped-cropped-om-41993_1280-2-1.png\",\"datePublished\":\"2023-06-27T09:18:50+00:00\",\"dateModified\":\"2023-06-27T09:18:53+00:00\",\"breadcrumb\":{\"@id\":\"https:\\\/\\\/www.arts-yoga.com\\\/index.php\\\/2023\\\/06\\\/27\\\/les-mantras\\\/#breadcrumb\"},\"inLanguage\":\"fr-FR\",\"potentialAction\":[{\"@type\":\"ReadAction\",\"target\":[\"https:\\\/\\\/www.arts-yoga.com\\\/index.php\\\/2023\\\/06\\\/27\\\/les-mantras\\\/\"]}]},{\"@type\":\"ImageObject\",\"inLanguage\":\"fr-FR\",\"@id\":\"https:\\\/\\\/www.arts-yoga.com\\\/index.php\\\/2023\\\/06\\\/27\\\/les-mantras\\\/#primaryimage\",\"url\":\"https:\\\/\\\/www.arts-yoga.com\\\/wp-content\\\/uploads\\\/2017\\\/10\\\/cropped-cropped-cropped-cropped-om-41993_1280-2-1.png\",\"contentUrl\":\"https:\\\/\\\/www.arts-yoga.com\\\/wp-content\\\/uploads\\\/2017\\\/10\\\/cropped-cropped-cropped-cropped-om-41993_1280-2-1.png\",\"width\":512,\"height\":512},{\"@type\":\"BreadcrumbList\",\"@id\":\"https:\\\/\\\/www.arts-yoga.com\\\/index.php\\\/2023\\\/06\\\/27\\\/les-mantras\\\/#breadcrumb\",\"itemListElement\":[{\"@type\":\"ListItem\",\"position\":1,\"name\":\"Home\",\"item\":\"https:\\\/\\\/www.arts-yoga.com\\\/\"},{\"@type\":\"ListItem\",\"position\":2,\"name\":\"Les mantras\"}]},{\"@type\":\"WebSite\",\"@id\":\"https:\\\/\\\/www.arts-yoga.com\\\/#website\",\"url\":\"https:\\\/\\\/www.arts-yoga.com\\\/\",\"name\":\"ARTS-YOGA\",\"description\":\"Stages et retraites Art &amp; Yoga\",\"publisher\":{\"@id\":\"https:\\\/\\\/www.arts-yoga.com\\\/#organization\"},\"potentialAction\":[{\"@type\":\"SearchAction\",\"target\":{\"@type\":\"EntryPoint\",\"urlTemplate\":\"https:\\\/\\\/www.arts-yoga.com\\\/?s={search_term_string}\"},\"query-input\":{\"@type\":\"PropertyValueSpecification\",\"valueRequired\":true,\"valueName\":\"search_term_string\"}}],\"inLanguage\":\"fr-FR\"},{\"@type\":\"Organization\",\"@id\":\"https:\\\/\\\/www.arts-yoga.com\\\/#organization\",\"name\":\"arts yoga\",\"url\":\"https:\\\/\\\/www.arts-yoga.com\\\/\",\"logo\":{\"@type\":\"ImageObject\",\"inLanguage\":\"fr-FR\",\"@id\":\"https:\\\/\\\/www.arts-yoga.com\\\/#\\\/schema\\\/logo\\\/image\\\/\",\"url\":\"https:\\\/\\\/www.arts-yoga.com\\\/wp-content\\\/uploads\\\/2017\\\/10\\\/cropped-cropped-om-41993_1280-2.png\",\"contentUrl\":\"https:\\\/\\\/www.arts-yoga.com\\\/wp-content\\\/uploads\\\/2017\\\/10\\\/cropped-cropped-om-41993_1280-2.png\",\"width\":249,\"height\":250,\"caption\":\"arts yoga\"},\"image\":{\"@id\":\"https:\\\/\\\/www.arts-yoga.com\\\/#\\\/schema\\\/logo\\\/image\\\/\"},\"sameAs\":[\"https:\\\/\\\/www.facebook.com\\\/stageartsyoga\\\/\",\"https:\\\/\\\/instagram.com\\\/arts.yoga\"]},{\"@type\":\"Person\",\"@id\":\"https:\\\/\\\/www.arts-yoga.com\\\/#\\\/schema\\\/person\\\/ec713c2a493cb35553456e437ca85c3d\",\"name\":\"Viviane\",\"image\":{\"@type\":\"ImageObject\",\"inLanguage\":\"fr-FR\",\"@id\":\"https:\\\/\\\/secure.gravatar.com\\\/avatar\\\/48171e097d200c4ef3581f02c968fb04ef4a08831e82be984bfa3c95302b92fb?s=96&d=mm&r=g\",\"url\":\"https:\\\/\\\/secure.gravatar.com\\\/avatar\\\/48171e097d200c4ef3581f02c968fb04ef4a08831e82be984bfa3c95302b92fb?s=96&d=mm&r=g\",\"contentUrl\":\"https:\\\/\\\/secure.gravatar.com\\\/avatar\\\/48171e097d200c4ef3581f02c968fb04ef4a08831e82be984bfa3c95302b92fb?s=96&d=mm&r=g\",\"caption\":\"Viviane\"},\"sameAs\":[\"http:\\\/\\\/www.arts-yoga.com\",\"https:\\\/\\\/www.facebook.com\\\/stageartsyoga\\\/\",\"arts.yoga\",\"arts yoga\"]}]}<\/script>\n<!-- \/ Yoast SEO plugin. -->","yoast_head_json":{"title":"Les mantras - Arts-Yoga","robots":{"index":"index","follow":"follow","max-snippet":"max-snippet:-1","max-image-preview":"max-image-preview:large","max-video-preview":"max-video-preview:-1"},"canonical":"https:\/\/www.arts-yoga.com\/index.php\/2023\/06\/27\/les-mantras\/","og_locale":"fr_FR","og_type":"article","og_title":"Les mantras - Arts-Yoga","og_description":"L&rsquo;aspect \u00e9nerg\u00e9tique du son Le son mantrique est une technique de concentration tr\u00e8s ancienne et tr\u00e8s utilis\u00e9e. Les yogis accordent une grande importance aux mantras car ils expriment la parole sacr\u00e9e. Je cite ici un extrait de la th\u00e8se de Eveline Grieder :\u00a0\u00bbPar leur puret\u00e9 et leur sacralit\u00e9, les r\u00e9citations de mantras, mobilisent, \u00e0 l&rsquo;int\u00e9rieur du corps et de l&rsquo;esprit du pratiquant, la qualit\u00e9 d&rsquo;existence harmonieuse de la manifestation ( guna sattva) par opposition \u00e0 son aspect opaque, inerte ( guna tamas), et son aspect excit\u00e9, actif ( guna rajas). En r\u00e9citant les mantras, et donc en expirant, on accomplit le trajet de la manifestation de la parole sacr\u00e9e, de son aspect le plus subtil, para, (supr\u00eame),repr\u00e9sent\u00e9e au bas de la colonne vert\u00e9brale, \u00e0 son aspect le plus mat\u00e9riel va\u00efkh\u00e2ri ( \u00e9tendu), repr\u00e9sent\u00e9e par la bouche. Ainsi on s&rsquo;inscrit soi-m\u00eame dans le grand cycle cosmique et l&rsquo;on se per\u00e7oit comme porteur de la parole du monde et, en m\u00eame temps, un parmi les existants, tous porteurs de cette m\u00eame parole. \u00a0\u00bb Le mantra est une \u00ab\u00a0forme psychique\u00a0\u00bb concentr\u00e9e, compos\u00e9e de syllabes nucl\u00e9aires bas\u00e9es sur les propri\u00e9t\u00e9s \u00e9sot\u00e9riques attribu\u00e9es aux vibrations sonores. (&#8230;) la puissance d&rsquo;un mantra particulier r\u00e9side dans l&rsquo;interaction du mod\u00e8le vibratoire sonore et de son intonation correcte. (&#8230;) Le son mantrique, ou la combinaison de tels sons, est capable d&rsquo;actualiser la forme divine de leurs \u00e9nergies.Chaque divinit\u00e9 poss\u00e8de un b\u00eeja mantra, une graine mantrique, qui est son \u00e9quivalent. ainsi le b\u00eeja mantra, racine vibratoire, forme atomique du son, repr\u00e9sente-t-il la nature essentielle de la divinit\u00e9. Ajit Mookkerjee. Madhu Khanna Le mantra des mantras : OM \u00ab\u00a0OM, le plus puissant de tous les sons, est la source de tous les mantras et une clef pour la r\u00e9alisation. il est compos\u00e9 de 3 sons: a, u, m, qui repr\u00e9sentent symboliquement les 3 tendances ou gunas &#8211; cr\u00e9ation, pr\u00e9servation, dissolution &#8211; et embrassent toute la connaissance des diff\u00e9rents plans de l&rsquo;univers. C&rsquo;est la quintessence du cosmos entier, le monarque de tous les objets sonores, la m\u00e8re des vibrations, et la clef de la puissance et de la sagesse \u00e9ternelles \u00a0\u00bb (Ajit Mookkerjee. Madhu Khanna) \u00ab\u00a0OM est la source de tous les mantras et de toute \u00e9nergie. Il est d\u2019abord&nbsp;mah\u00e2 bindu, le grand point, qui est relation d\u2019attraction, quasiment amoureuse entre les deux principes originels, oppos\u00e9s et compl\u00e9mentaires,&nbsp;purusha\/prakriti,&nbsp;qui constituent les deux p\u00f4les cosmiques de la conscience\/\u00e9nergie cr\u00e9atrice. L\u00e0, il est&nbsp;avyakta, le non-manifest\u00e9. Puis vient le premier son, la vibration initiale, l\u2019essence de son,&nbsp;shabda, qui a mis en route la manifestation, et&nbsp;OM&nbsp;repr\u00e9sente cette essence. De l\u00e0 se d\u00e9roule la manifestation, musique ou parole du monde, \u00e0 l\u2019\u00e9nergie triple,&nbsp;triguna&nbsp;;&nbsp;OM&nbsp;est cette trinit\u00e9, repr\u00e9sent\u00e9e par le trident du dieu&nbsp;Shiva&nbsp;mais aussi par son id\u00e9ogramme, qui est la sophistication symbolique du chiffre trois. OM&nbsp;est issu de l\u2019espace,&nbsp;\u00e2k\u00e2sha, qui est aussi le ciel, le vide, le milieu initial du cosmos et, \u00e9tant associ\u00e9 \u00e0 cet \u00e9l\u00e9ment le plus subtil, il entra\u00eene l\u2019esprit de l\u2019homme vers cette sph\u00e8re originelle. C\u2019est pourquoi le silence qui suit sa r\u00e9citation est un silence qui symbolise l\u2019origine muette du monde, avant l\u2019acte vibratoire cr\u00e9ateur, avant m\u00eame la diff\u00e9renciation des deux principes. Cette syllabe sublime, symbole de tous les mots et les contenant tous, et symbole du silence derri\u00e8re les mots, est&nbsp;akshara&nbsp;(imp\u00e9rissable), c\u2019est-\u00e0-dire&nbsp;brahman,&nbsp;l\u2019absolu. Car au niveau cosmique, derri\u00e8re&nbsp;kshara,&nbsp;l\u2019aspect p\u00e9rissable de l\u2019\u00e9nergie vivante, repr\u00e9sent\u00e9e par&nbsp;prakriti, l\u2019ensemble de la manifestation (appel\u00e9e aussi&nbsp;pr\u00e2na, l\u2019\u00e9nergie, ou&nbsp;shakti,&nbsp;la puissance), existe aussi cet imp\u00e9rissable socle des choses, immobile et silencieux. Et, au niveau du langage, derri\u00e8re l\u2019aspect p\u00e9rissable des mots, des discours, des phrases, subsiste toujours la semence, la lettre, imp\u00e9rissable. C\u2019est la raison pour laquelle&nbsp;OM&nbsp;est la pratique mentale par excellence,&nbsp;sv\u00e2dhy\u00e2ya, car en lui se trouve ce vers quoi la r\u00e9flexion doit s\u2019orienter pour comprendre la r\u00e9alit\u00e9 des choses et sa propre r\u00e9alit\u00e9 : l\u2019infini derri\u00e8re le fini, l\u2019unit\u00e9 derri\u00e8re la diversit\u00e9, le non-manifest\u00e9 derri\u00e8re le manifest\u00e9, et l\u2019absolu derri\u00e8re le relatif.\u00a0\u00bb Source : th\u00e8se de Eveline Grieder","og_url":"https:\/\/www.arts-yoga.com\/index.php\/2023\/06\/27\/les-mantras\/","og_site_name":"Arts-Yoga","article_publisher":"https:\/\/www.facebook.com\/stageartsyoga\/","article_author":"https:\/\/www.facebook.com\/stageartsyoga\/","article_published_time":"2023-06-27T09:18:50+00:00","article_modified_time":"2023-06-27T09:18:53+00:00","og_image":[{"url":"https:\/\/www.arts-yoga.com\/wp-content\/uploads\/2017\/10\/cropped-cropped-cropped-cropped-om-41993_1280-2-1.png","type":"","width":"","height":""}],"author":"Viviane","twitter_card":"summary_large_image","twitter_misc":{"\u00c9crit par":"Viviane","Dur\u00e9e de lecture estim\u00e9e":"4 minutes"},"schema":{"@context":"https:\/\/schema.org","@graph":[{"@type":"Article","@id":"https:\/\/www.arts-yoga.com\/index.php\/2023\/06\/27\/les-mantras\/#article","isPartOf":{"@id":"https:\/\/www.arts-yoga.com\/index.php\/2023\/06\/27\/les-mantras\/"},"author":{"name":"Viviane","@id":"https:\/\/www.arts-yoga.com\/#\/schema\/person\/ec713c2a493cb35553456e437ca85c3d"},"headline":"Les mantras","datePublished":"2023-06-27T09:18:50+00:00","dateModified":"2023-06-27T09:18:53+00:00","mainEntityOfPage":{"@id":"https:\/\/www.arts-yoga.com\/index.php\/2023\/06\/27\/les-mantras\/"},"wordCount":808,"commentCount":0,"publisher":{"@id":"https:\/\/www.arts-yoga.com\/#organization"},"image":{"@id":"https:\/\/www.arts-yoga.com\/index.php\/2023\/06\/27\/les-mantras\/#primaryimage"},"thumbnailUrl":"https:\/\/www.arts-yoga.com\/wp-content\/uploads\/2017\/10\/cropped-cropped-cropped-cropped-om-41993_1280-2-1.png","articleSection":["concepts et d\u00e9finitions"],"inLanguage":"fr-FR","potentialAction":[{"@type":"CommentAction","name":"Comment","target":["https:\/\/www.arts-yoga.com\/index.php\/2023\/06\/27\/les-mantras\/#respond"]}]},{"@type":"WebPage","@id":"https:\/\/www.arts-yoga.com\/index.php\/2023\/06\/27\/les-mantras\/","url":"https:\/\/www.arts-yoga.com\/index.php\/2023\/06\/27\/les-mantras\/","name":"Les mantras - Arts-Yoga","isPartOf":{"@id":"https:\/\/www.arts-yoga.com\/#website"},"primaryImageOfPage":{"@id":"https:\/\/www.arts-yoga.com\/index.php\/2023\/06\/27\/les-mantras\/#primaryimage"},"image":{"@id":"https:\/\/www.arts-yoga.com\/index.php\/2023\/06\/27\/les-mantras\/#primaryimage"},"thumbnailUrl":"https:\/\/www.arts-yoga.com\/wp-content\/uploads\/2017\/10\/cropped-cropped-cropped-cropped-om-41993_1280-2-1.png","datePublished":"2023-06-27T09:18:50+00:00","dateModified":"2023-06-27T09:18:53+00:00","breadcrumb":{"@id":"https:\/\/www.arts-yoga.com\/index.php\/2023\/06\/27\/les-mantras\/#breadcrumb"},"inLanguage":"fr-FR","potentialAction":[{"@type":"ReadAction","target":["https:\/\/www.arts-yoga.com\/index.php\/2023\/06\/27\/les-mantras\/"]}]},{"@type":"ImageObject","inLanguage":"fr-FR","@id":"https:\/\/www.arts-yoga.com\/index.php\/2023\/06\/27\/les-mantras\/#primaryimage","url":"https:\/\/www.arts-yoga.com\/wp-content\/uploads\/2017\/10\/cropped-cropped-cropped-cropped-om-41993_1280-2-1.png","contentUrl":"https:\/\/www.arts-yoga.com\/wp-content\/uploads\/2017\/10\/cropped-cropped-cropped-cropped-om-41993_1280-2-1.png","width":512,"height":512},{"@type":"BreadcrumbList","@id":"https:\/\/www.arts-yoga.com\/index.php\/2023\/06\/27\/les-mantras\/#breadcrumb","itemListElement":[{"@type":"ListItem","position":1,"name":"Home","item":"https:\/\/www.arts-yoga.com\/"},{"@type":"ListItem","position":2,"name":"Les mantras"}]},{"@type":"WebSite","@id":"https:\/\/www.arts-yoga.com\/#website","url":"https:\/\/www.arts-yoga.com\/","name":"ARTS-YOGA","description":"Stages et retraites Art &amp; Yoga","publisher":{"@id":"https:\/\/www.arts-yoga.com\/#organization"},"potentialAction":[{"@type":"SearchAction","target":{"@type":"EntryPoint","urlTemplate":"https:\/\/www.arts-yoga.com\/?s={search_term_string}"},"query-input":{"@type":"PropertyValueSpecification","valueRequired":true,"valueName":"search_term_string"}}],"inLanguage":"fr-FR"},{"@type":"Organization","@id":"https:\/\/www.arts-yoga.com\/#organization","name":"arts yoga","url":"https:\/\/www.arts-yoga.com\/","logo":{"@type":"ImageObject","inLanguage":"fr-FR","@id":"https:\/\/www.arts-yoga.com\/#\/schema\/logo\/image\/","url":"https:\/\/www.arts-yoga.com\/wp-content\/uploads\/2017\/10\/cropped-cropped-om-41993_1280-2.png","contentUrl":"https:\/\/www.arts-yoga.com\/wp-content\/uploads\/2017\/10\/cropped-cropped-om-41993_1280-2.png","width":249,"height":250,"caption":"arts yoga"},"image":{"@id":"https:\/\/www.arts-yoga.com\/#\/schema\/logo\/image\/"},"sameAs":["https:\/\/www.facebook.com\/stageartsyoga\/","https:\/\/instagram.com\/arts.yoga"]},{"@type":"Person","@id":"https:\/\/www.arts-yoga.com\/#\/schema\/person\/ec713c2a493cb35553456e437ca85c3d","name":"Viviane","image":{"@type":"ImageObject","inLanguage":"fr-FR","@id":"https:\/\/secure.gravatar.com\/avatar\/48171e097d200c4ef3581f02c968fb04ef4a08831e82be984bfa3c95302b92fb?s=96&d=mm&r=g","url":"https:\/\/secure.gravatar.com\/avatar\/48171e097d200c4ef3581f02c968fb04ef4a08831e82be984bfa3c95302b92fb?s=96&d=mm&r=g","contentUrl":"https:\/\/secure.gravatar.com\/avatar\/48171e097d200c4ef3581f02c968fb04ef4a08831e82be984bfa3c95302b92fb?s=96&d=mm&r=g","caption":"Viviane"},"sameAs":["http:\/\/www.arts-yoga.com","https:\/\/www.facebook.com\/stageartsyoga\/","arts.yoga","arts yoga"]}]}},"_links":{"self":[{"href":"https:\/\/www.arts-yoga.com\/index.php\/wp-json\/wp\/v2\/posts\/2414","targetHints":{"allow":["GET"]}}],"collection":[{"href":"https:\/\/www.arts-yoga.com\/index.php\/wp-json\/wp\/v2\/posts"}],"about":[{"href":"https:\/\/www.arts-yoga.com\/index.php\/wp-json\/wp\/v2\/types\/post"}],"author":[{"embeddable":true,"href":"https:\/\/www.arts-yoga.com\/index.php\/wp-json\/wp\/v2\/users\/1"}],"replies":[{"embeddable":true,"href":"https:\/\/www.arts-yoga.com\/index.php\/wp-json\/wp\/v2\/comments?post=2414"}],"version-history":[{"count":11,"href":"https:\/\/www.arts-yoga.com\/index.php\/wp-json\/wp\/v2\/posts\/2414\/revisions"}],"predecessor-version":[{"id":2625,"href":"https:\/\/www.arts-yoga.com\/index.php\/wp-json\/wp\/v2\/posts\/2414\/revisions\/2625"}],"wp:attachment":[{"href":"https:\/\/www.arts-yoga.com\/index.php\/wp-json\/wp\/v2\/media?parent=2414"}],"wp:term":[{"taxonomy":"category","embeddable":true,"href":"https:\/\/www.arts-yoga.com\/index.php\/wp-json\/wp\/v2\/categories?post=2414"},{"taxonomy":"post_tag","embeddable":true,"href":"https:\/\/www.arts-yoga.com\/index.php\/wp-json\/wp\/v2\/tags?post=2414"}],"curies":[{"name":"wp","href":"https:\/\/api.w.org\/{rel}","templated":true}]}}