{"id":1372,"date":"2020-03-27T12:18:10","date_gmt":"2020-03-27T11:18:10","guid":{"rendered":"https:\/\/www.arts-yoga.com\/?p=1372"},"modified":"2020-08-17T18:18:00","modified_gmt":"2020-08-17T16:18:00","slug":"manger-sain-pendant-le-confinement","status":"publish","type":"post","link":"https:\/\/www.arts-yoga.com\/index.php\/2020\/03\/27\/manger-sain-pendant-le-confinement\/","title":{"rendered":"Manger sain pendant le confinement"},"content":{"rendered":"\n<p>Je vous recommande ces 2 sites : <a href=\"https:\/\/www.alphaomega.ms\">ALPHA OMEGA<\/a> pour des d\u00e9lices grecs et cr\u00e9tois. G\u00e9r\u00e9e par une famille d&rsquo;origine grecque, vous serez re\u00e7us par l&rsquo;hospitalit\u00e9 l\u00e9gendaire grecque.<\/p>\n\n\n\n<p>Et <a href=\"https:\/\/www.labaleineacabosse.com\">LA BALEINE \u00e0 CABOSSE<\/a>  g\u00e9r\u00e9e Claire &amp; Aur\u00e9lien. Le chocolat est tout simplement \u00ab\u00a0\u00e0 tomber \u00ab\u00a0. Des ateliers fabrication de chocolat seront propos\u00e9s d\u00e8s la fin du confinement.<\/p>\n\n\n\n<p> <\/p>\n\n\n\n<figure class=\"wp-block-image size-large\"><img loading=\"lazy\" decoding=\"async\" width=\"940\" height=\"788\" src=\"https:\/\/www.arts-yoga.com\/wp-content\/uploads\/2020\/03\/manger-sain.png\" alt=\"\" class=\"wp-image-1373\" srcset=\"https:\/\/www.arts-yoga.com\/wp-content\/uploads\/2020\/03\/manger-sain.png 940w, https:\/\/www.arts-yoga.com\/wp-content\/uploads\/2020\/03\/manger-sain-300x251.png 300w, https:\/\/www.arts-yoga.com\/wp-content\/uploads\/2020\/03\/manger-sain-768x644.png 768w\" sizes=\"auto, (max-width: 940px) 100vw, 940px\" \/><\/figure>\n","protected":false},"excerpt":{"rendered":"<p>Je vous recommande ces 2 sites : ALPHA OMEGA pour des d\u00e9lices grecs et cr\u00e9tois. G\u00e9r\u00e9e par une famille d&rsquo;origine grecque, vous serez re\u00e7us par l&rsquo;hospitalit\u00e9 l\u00e9gendaire grecque. Et LA BALEINE \u00e0 CABOSSE g\u00e9r\u00e9e Claire &amp; Aur\u00e9lien. Le chocolat est tout simplement \u00ab\u00a0\u00e0 tomber \u00ab\u00a0. Des ateliers fabrication de chocolat seront propos\u00e9s d\u00e8s la fin du confinement.<\/p>\n","protected":false},"author":1,"featured_media":0,"comment_status":"open","ping_status":"closed","sticky":false,"template":"","format":"image","meta":{"footnotes":""},"categories":[9],"tags":[],"class_list":["post-1372","post","type-post","status-publish","format-image","hentry","category-bien-etre","post_format-post-format-image"],"yoast_head":"<!-- This site is optimized with the Yoast SEO plugin v27.5 - https:\/\/yoast.com\/product\/yoast-seo-wordpress\/ -->\n<title>Manger sain pendant le confinement - Arts-Yoga<\/title>\n<meta name=\"robots\" content=\"index, follow, max-snippet:-1, max-image-preview:large, max-video-preview:-1\" \/>\n<link rel=\"canonical\" href=\"https:\/\/www.arts-yoga.com\/index.php\/2020\/03\/27\/manger-sain-pendant-le-confinement\/\" \/>\n<meta property=\"og:locale\" content=\"fr_FR\" \/>\n<meta property=\"og:type\" content=\"article\" \/>\n<meta property=\"og:title\" content=\"Manger sain pendant le confinement - Arts-Yoga\" \/>\n<meta property=\"og:description\" content=\"Je vous recommande ces 2 sites : ALPHA OMEGA pour des d\u00e9lices grecs et cr\u00e9tois. G\u00e9r\u00e9e par une famille d&rsquo;origine grecque, vous serez re\u00e7us par l&rsquo;hospitalit\u00e9 l\u00e9gendaire grecque. Et LA BALEINE \u00e0 CABOSSE g\u00e9r\u00e9e Claire &amp; Aur\u00e9lien. Le chocolat est tout simplement \u00ab\u00a0\u00e0 tomber \u00ab\u00a0. Des ateliers fabrication de chocolat seront propos\u00e9s d\u00e8s la fin du confinement.\" \/>\n<meta property=\"og:url\" content=\"https:\/\/www.arts-yoga.com\/index.php\/2020\/03\/27\/manger-sain-pendant-le-confinement\/\" \/>\n<meta property=\"og:site_name\" content=\"Arts-Yoga\" \/>\n<meta property=\"article:publisher\" content=\"https:\/\/www.facebook.com\/stageartsyoga\/\" \/>\n<meta property=\"article:author\" content=\"https:\/\/www.facebook.com\/stageartsyoga\/\" \/>\n<meta property=\"article:published_time\" content=\"2020-03-27T11:18:10+00:00\" \/>\n<meta property=\"article:modified_time\" content=\"2020-08-17T16:18:00+00:00\" \/>\n<meta property=\"og:image\" content=\"https:\/\/www.arts-yoga.com\/wp-content\/uploads\/2020\/03\/manger-sain.png\" \/>\n<meta name=\"author\" content=\"Viviane\" \/>\n<meta name=\"twitter:card\" content=\"summary_large_image\" \/>\n<meta name=\"twitter:label1\" content=\"\u00c9crit par\" \/>\n\t<meta name=\"twitter:data1\" content=\"Viviane\" \/>\n<script type=\"application\/ld+json\" class=\"yoast-schema-graph\">{\"@context\":\"https:\\\/\\\/schema.org\",\"@graph\":[{\"@type\":\"Article\",\"@id\":\"https:\\\/\\\/www.arts-yoga.com\\\/index.php\\\/2020\\\/03\\\/27\\\/manger-sain-pendant-le-confinement\\\/#article\",\"isPartOf\":{\"@id\":\"https:\\\/\\\/www.arts-yoga.com\\\/index.php\\\/2020\\\/03\\\/27\\\/manger-sain-pendant-le-confinement\\\/\"},\"author\":{\"name\":\"Viviane\",\"@id\":\"https:\\\/\\\/www.arts-yoga.com\\\/#\\\/schema\\\/person\\\/ec713c2a493cb35553456e437ca85c3d\"},\"headline\":\"Manger sain pendant le confinement\",\"datePublished\":\"2020-03-27T11:18:10+00:00\",\"dateModified\":\"2020-08-17T16:18:00+00:00\",\"mainEntityOfPage\":{\"@id\":\"https:\\\/\\\/www.arts-yoga.com\\\/index.php\\\/2020\\\/03\\\/27\\\/manger-sain-pendant-le-confinement\\\/\"},\"wordCount\":70,\"commentCount\":0,\"publisher\":{\"@id\":\"https:\\\/\\\/www.arts-yoga.com\\\/#organization\"},\"image\":{\"@id\":\"https:\\\/\\\/www.arts-yoga.com\\\/index.php\\\/2020\\\/03\\\/27\\\/manger-sain-pendant-le-confinement\\\/#primaryimage\"},\"thumbnailUrl\":\"https:\\\/\\\/www.arts-yoga.com\\\/wp-content\\\/uploads\\\/2020\\\/03\\\/manger-sain.png\",\"articleSection\":[\"bien-\u00eatre\"],\"inLanguage\":\"fr-FR\",\"potentialAction\":[{\"@type\":\"CommentAction\",\"name\":\"Comment\",\"target\":[\"https:\\\/\\\/www.arts-yoga.com\\\/index.php\\\/2020\\\/03\\\/27\\\/manger-sain-pendant-le-confinement\\\/#respond\"]}]},{\"@type\":\"WebPage\",\"@id\":\"https:\\\/\\\/www.arts-yoga.com\\\/index.php\\\/2020\\\/03\\\/27\\\/manger-sain-pendant-le-confinement\\\/\",\"url\":\"https:\\\/\\\/www.arts-yoga.com\\\/index.php\\\/2020\\\/03\\\/27\\\/manger-sain-pendant-le-confinement\\\/\",\"name\":\"Manger sain pendant le confinement - Arts-Yoga\",\"isPartOf\":{\"@id\":\"https:\\\/\\\/www.arts-yoga.com\\\/#website\"},\"primaryImageOfPage\":{\"@id\":\"https:\\\/\\\/www.arts-yoga.com\\\/index.php\\\/2020\\\/03\\\/27\\\/manger-sain-pendant-le-confinement\\\/#primaryimage\"},\"image\":{\"@id\":\"https:\\\/\\\/www.arts-yoga.com\\\/index.php\\\/2020\\\/03\\\/27\\\/manger-sain-pendant-le-confinement\\\/#primaryimage\"},\"thumbnailUrl\":\"https:\\\/\\\/www.arts-yoga.com\\\/wp-content\\\/uploads\\\/2020\\\/03\\\/manger-sain.png\",\"datePublished\":\"2020-03-27T11:18:10+00:00\",\"dateModified\":\"2020-08-17T16:18:00+00:00\",\"breadcrumb\":{\"@id\":\"https:\\\/\\\/www.arts-yoga.com\\\/index.php\\\/2020\\\/03\\\/27\\\/manger-sain-pendant-le-confinement\\\/#breadcrumb\"},\"inLanguage\":\"fr-FR\",\"potentialAction\":[{\"@type\":\"ReadAction\",\"target\":[\"https:\\\/\\\/www.arts-yoga.com\\\/index.php\\\/2020\\\/03\\\/27\\\/manger-sain-pendant-le-confinement\\\/\"]}]},{\"@type\":\"ImageObject\",\"inLanguage\":\"fr-FR\",\"@id\":\"https:\\\/\\\/www.arts-yoga.com\\\/index.php\\\/2020\\\/03\\\/27\\\/manger-sain-pendant-le-confinement\\\/#primaryimage\",\"url\":\"https:\\\/\\\/www.arts-yoga.com\\\/wp-content\\\/uploads\\\/2020\\\/03\\\/manger-sain.png\",\"contentUrl\":\"https:\\\/\\\/www.arts-yoga.com\\\/wp-content\\\/uploads\\\/2020\\\/03\\\/manger-sain.png\",\"width\":940,\"height\":788,\"caption\":\"manger sain pour pr\u00e9server sa sant\u00e9\"},{\"@type\":\"BreadcrumbList\",\"@id\":\"https:\\\/\\\/www.arts-yoga.com\\\/index.php\\\/2020\\\/03\\\/27\\\/manger-sain-pendant-le-confinement\\\/#breadcrumb\",\"itemListElement\":[{\"@type\":\"ListItem\",\"position\":1,\"name\":\"Home\",\"item\":\"https:\\\/\\\/www.arts-yoga.com\\\/\"},{\"@type\":\"ListItem\",\"position\":2,\"name\":\"Manger sain pendant le confinement\"}]},{\"@type\":\"WebSite\",\"@id\":\"https:\\\/\\\/www.arts-yoga.com\\\/#website\",\"url\":\"https:\\\/\\\/www.arts-yoga.com\\\/\",\"name\":\"ARTS-YOGA\",\"description\":\"Stages et retraites Art &amp; Yoga\",\"publisher\":{\"@id\":\"https:\\\/\\\/www.arts-yoga.com\\\/#organization\"},\"potentialAction\":[{\"@type\":\"SearchAction\",\"target\":{\"@type\":\"EntryPoint\",\"urlTemplate\":\"https:\\\/\\\/www.arts-yoga.com\\\/?s={search_term_string}\"},\"query-input\":{\"@type\":\"PropertyValueSpecification\",\"valueRequired\":true,\"valueName\":\"search_term_string\"}}],\"inLanguage\":\"fr-FR\"},{\"@type\":\"Organization\",\"@id\":\"https:\\\/\\\/www.arts-yoga.com\\\/#organization\",\"name\":\"arts yoga\",\"url\":\"https:\\\/\\\/www.arts-yoga.com\\\/\",\"logo\":{\"@type\":\"ImageObject\",\"inLanguage\":\"fr-FR\",\"@id\":\"https:\\\/\\\/www.arts-yoga.com\\\/#\\\/schema\\\/logo\\\/image\\\/\",\"url\":\"https:\\\/\\\/www.arts-yoga.com\\\/wp-content\\\/uploads\\\/2017\\\/10\\\/cropped-cropped-om-41993_1280-2.png\",\"contentUrl\":\"https:\\\/\\\/www.arts-yoga.com\\\/wp-content\\\/uploads\\\/2017\\\/10\\\/cropped-cropped-om-41993_1280-2.png\",\"width\":249,\"height\":250,\"caption\":\"arts yoga\"},\"image\":{\"@id\":\"https:\\\/\\\/www.arts-yoga.com\\\/#\\\/schema\\\/logo\\\/image\\\/\"},\"sameAs\":[\"https:\\\/\\\/www.facebook.com\\\/stageartsyoga\\\/\",\"https:\\\/\\\/instagram.com\\\/arts.yoga\"]},{\"@type\":\"Person\",\"@id\":\"https:\\\/\\\/www.arts-yoga.com\\\/#\\\/schema\\\/person\\\/ec713c2a493cb35553456e437ca85c3d\",\"name\":\"Viviane\",\"image\":{\"@type\":\"ImageObject\",\"inLanguage\":\"fr-FR\",\"@id\":\"https:\\\/\\\/secure.gravatar.com\\\/avatar\\\/48171e097d200c4ef3581f02c968fb04ef4a08831e82be984bfa3c95302b92fb?s=96&d=mm&r=g\",\"url\":\"https:\\\/\\\/secure.gravatar.com\\\/avatar\\\/48171e097d200c4ef3581f02c968fb04ef4a08831e82be984bfa3c95302b92fb?s=96&d=mm&r=g\",\"contentUrl\":\"https:\\\/\\\/secure.gravatar.com\\\/avatar\\\/48171e097d200c4ef3581f02c968fb04ef4a08831e82be984bfa3c95302b92fb?s=96&d=mm&r=g\",\"caption\":\"Viviane\"},\"sameAs\":[\"http:\\\/\\\/www.arts-yoga.com\",\"https:\\\/\\\/www.facebook.com\\\/stageartsyoga\\\/\",\"arts.yoga\",\"arts yoga\"]}]}<\/script>\n<!-- \/ Yoast SEO plugin. -->","yoast_head_json":{"title":"Manger sain pendant le confinement - Arts-Yoga","robots":{"index":"index","follow":"follow","max-snippet":"max-snippet:-1","max-image-preview":"max-image-preview:large","max-video-preview":"max-video-preview:-1"},"canonical":"https:\/\/www.arts-yoga.com\/index.php\/2020\/03\/27\/manger-sain-pendant-le-confinement\/","og_locale":"fr_FR","og_type":"article","og_title":"Manger sain pendant le confinement - Arts-Yoga","og_description":"Je vous recommande ces 2 sites : ALPHA OMEGA pour des d\u00e9lices grecs et cr\u00e9tois. G\u00e9r\u00e9e par une famille d&rsquo;origine grecque, vous serez re\u00e7us par l&rsquo;hospitalit\u00e9 l\u00e9gendaire grecque. Et LA BALEINE \u00e0 CABOSSE g\u00e9r\u00e9e Claire &amp; Aur\u00e9lien. Le chocolat est tout simplement \u00ab\u00a0\u00e0 tomber \u00ab\u00a0. Des ateliers fabrication de chocolat seront propos\u00e9s d\u00e8s la fin du confinement.","og_url":"https:\/\/www.arts-yoga.com\/index.php\/2020\/03\/27\/manger-sain-pendant-le-confinement\/","og_site_name":"Arts-Yoga","article_publisher":"https:\/\/www.facebook.com\/stageartsyoga\/","article_author":"https:\/\/www.facebook.com\/stageartsyoga\/","article_published_time":"2020-03-27T11:18:10+00:00","article_modified_time":"2020-08-17T16:18:00+00:00","og_image":[{"url":"https:\/\/www.arts-yoga.com\/wp-content\/uploads\/2020\/03\/manger-sain.png","type":"","width":"","height":""}],"author":"Viviane","twitter_card":"summary_large_image","twitter_misc":{"\u00c9crit par":"Viviane"},"schema":{"@context":"https:\/\/schema.org","@graph":[{"@type":"Article","@id":"https:\/\/www.arts-yoga.com\/index.php\/2020\/03\/27\/manger-sain-pendant-le-confinement\/#article","isPartOf":{"@id":"https:\/\/www.arts-yoga.com\/index.php\/2020\/03\/27\/manger-sain-pendant-le-confinement\/"},"author":{"name":"Viviane","@id":"https:\/\/www.arts-yoga.com\/#\/schema\/person\/ec713c2a493cb35553456e437ca85c3d"},"headline":"Manger sain pendant le confinement","datePublished":"2020-03-27T11:18:10+00:00","dateModified":"2020-08-17T16:18:00+00:00","mainEntityOfPage":{"@id":"https:\/\/www.arts-yoga.com\/index.php\/2020\/03\/27\/manger-sain-pendant-le-confinement\/"},"wordCount":70,"commentCount":0,"publisher":{"@id":"https:\/\/www.arts-yoga.com\/#organization"},"image":{"@id":"https:\/\/www.arts-yoga.com\/index.php\/2020\/03\/27\/manger-sain-pendant-le-confinement\/#primaryimage"},"thumbnailUrl":"https:\/\/www.arts-yoga.com\/wp-content\/uploads\/2020\/03\/manger-sain.png","articleSection":["bien-\u00eatre"],"inLanguage":"fr-FR","potentialAction":[{"@type":"CommentAction","name":"Comment","target":["https:\/\/www.arts-yoga.com\/index.php\/2020\/03\/27\/manger-sain-pendant-le-confinement\/#respond"]}]},{"@type":"WebPage","@id":"https:\/\/www.arts-yoga.com\/index.php\/2020\/03\/27\/manger-sain-pendant-le-confinement\/","url":"https:\/\/www.arts-yoga.com\/index.php\/2020\/03\/27\/manger-sain-pendant-le-confinement\/","name":"Manger sain pendant le confinement - Arts-Yoga","isPartOf":{"@id":"https:\/\/www.arts-yoga.com\/#website"},"primaryImageOfPage":{"@id":"https:\/\/www.arts-yoga.com\/index.php\/2020\/03\/27\/manger-sain-pendant-le-confinement\/#primaryimage"},"image":{"@id":"https:\/\/www.arts-yoga.com\/index.php\/2020\/03\/27\/manger-sain-pendant-le-confinement\/#primaryimage"},"thumbnailUrl":"https:\/\/www.arts-yoga.com\/wp-content\/uploads\/2020\/03\/manger-sain.png","datePublished":"2020-03-27T11:18:10+00:00","dateModified":"2020-08-17T16:18:00+00:00","breadcrumb":{"@id":"https:\/\/www.arts-yoga.com\/index.php\/2020\/03\/27\/manger-sain-pendant-le-confinement\/#breadcrumb"},"inLanguage":"fr-FR","potentialAction":[{"@type":"ReadAction","target":["https:\/\/www.arts-yoga.com\/index.php\/2020\/03\/27\/manger-sain-pendant-le-confinement\/"]}]},{"@type":"ImageObject","inLanguage":"fr-FR","@id":"https:\/\/www.arts-yoga.com\/index.php\/2020\/03\/27\/manger-sain-pendant-le-confinement\/#primaryimage","url":"https:\/\/www.arts-yoga.com\/wp-content\/uploads\/2020\/03\/manger-sain.png","contentUrl":"https:\/\/www.arts-yoga.com\/wp-content\/uploads\/2020\/03\/manger-sain.png","width":940,"height":788,"caption":"manger sain pour pr\u00e9server sa sant\u00e9"},{"@type":"BreadcrumbList","@id":"https:\/\/www.arts-yoga.com\/index.php\/2020\/03\/27\/manger-sain-pendant-le-confinement\/#breadcrumb","itemListElement":[{"@type":"ListItem","position":1,"name":"Home","item":"https:\/\/www.arts-yoga.com\/"},{"@type":"ListItem","position":2,"name":"Manger sain pendant le confinement"}]},{"@type":"WebSite","@id":"https:\/\/www.arts-yoga.com\/#website","url":"https:\/\/www.arts-yoga.com\/","name":"ARTS-YOGA","description":"Stages et retraites Art &amp; Yoga","publisher":{"@id":"https:\/\/www.arts-yoga.com\/#organization"},"potentialAction":[{"@type":"SearchAction","target":{"@type":"EntryPoint","urlTemplate":"https:\/\/www.arts-yoga.com\/?s={search_term_string}"},"query-input":{"@type":"PropertyValueSpecification","valueRequired":true,"valueName":"search_term_string"}}],"inLanguage":"fr-FR"},{"@type":"Organization","@id":"https:\/\/www.arts-yoga.com\/#organization","name":"arts yoga","url":"https:\/\/www.arts-yoga.com\/","logo":{"@type":"ImageObject","inLanguage":"fr-FR","@id":"https:\/\/www.arts-yoga.com\/#\/schema\/logo\/image\/","url":"https:\/\/www.arts-yoga.com\/wp-content\/uploads\/2017\/10\/cropped-cropped-om-41993_1280-2.png","contentUrl":"https:\/\/www.arts-yoga.com\/wp-content\/uploads\/2017\/10\/cropped-cropped-om-41993_1280-2.png","width":249,"height":250,"caption":"arts yoga"},"image":{"@id":"https:\/\/www.arts-yoga.com\/#\/schema\/logo\/image\/"},"sameAs":["https:\/\/www.facebook.com\/stageartsyoga\/","https:\/\/instagram.com\/arts.yoga"]},{"@type":"Person","@id":"https:\/\/www.arts-yoga.com\/#\/schema\/person\/ec713c2a493cb35553456e437ca85c3d","name":"Viviane","image":{"@type":"ImageObject","inLanguage":"fr-FR","@id":"https:\/\/secure.gravatar.com\/avatar\/48171e097d200c4ef3581f02c968fb04ef4a08831e82be984bfa3c95302b92fb?s=96&d=mm&r=g","url":"https:\/\/secure.gravatar.com\/avatar\/48171e097d200c4ef3581f02c968fb04ef4a08831e82be984bfa3c95302b92fb?s=96&d=mm&r=g","contentUrl":"https:\/\/secure.gravatar.com\/avatar\/48171e097d200c4ef3581f02c968fb04ef4a08831e82be984bfa3c95302b92fb?s=96&d=mm&r=g","caption":"Viviane"},"sameAs":["http:\/\/www.arts-yoga.com","https:\/\/www.facebook.com\/stageartsyoga\/","arts.yoga","arts yoga"]}]}},"_links":{"self":[{"href":"https:\/\/www.arts-yoga.com\/index.php\/wp-json\/wp\/v2\/posts\/1372","targetHints":{"allow":["GET"]}}],"collection":[{"href":"https:\/\/www.arts-yoga.com\/index.php\/wp-json\/wp\/v2\/posts"}],"about":[{"href":"https:\/\/www.arts-yoga.com\/index.php\/wp-json\/wp\/v2\/types\/post"}],"author":[{"embeddable":true,"href":"https:\/\/www.arts-yoga.com\/index.php\/wp-json\/wp\/v2\/users\/1"}],"replies":[{"embeddable":true,"href":"https:\/\/www.arts-yoga.com\/index.php\/wp-json\/wp\/v2\/comments?post=1372"}],"version-history":[{"count":4,"href":"https:\/\/www.arts-yoga.com\/index.php\/wp-json\/wp\/v2\/posts\/1372\/revisions"}],"predecessor-version":[{"id":1413,"href":"https:\/\/www.arts-yoga.com\/index.php\/wp-json\/wp\/v2\/posts\/1372\/revisions\/1413"}],"wp:attachment":[{"href":"https:\/\/www.arts-yoga.com\/index.php\/wp-json\/wp\/v2\/media?parent=1372"}],"wp:term":[{"taxonomy":"category","embeddable":true,"href":"https:\/\/www.arts-yoga.com\/index.php\/wp-json\/wp\/v2\/categories?post=1372"},{"taxonomy":"post_tag","embeddable":true,"href":"https:\/\/www.arts-yoga.com\/index.php\/wp-json\/wp\/v2\/tags?post=1372"}],"curies":[{"name":"wp","href":"https:\/\/api.w.org\/{rel}","templated":true}]}}